{"id":1521,"date":"2017-01-12T20:00:41","date_gmt":"2017-01-12T20:00:41","guid":{"rendered":"http:\/\/03fotos.de\/?p=1521"},"modified":"2017-01-12T15:33:54","modified_gmt":"2017-01-12T15:33:54","slug":"nordkurvenplenum","status":"publish","type":"post","link":"https:\/\/03fotos.de\/?p=1521","title":{"rendered":":: NORDKURVENPLENUM ::"},"content":{"rendered":"<p>Liebe Freunde und Freundinnen der Nordkurve,<br \/>\neine abermals mit wenig echten Highlights gespickte Halbserie liegt hinter uns. Wir k\u00f6nnen zwar wenig bis nichts \u00fcber die Anspr\u00fcche jeder\/jedes Einzelnen von euch sagen, aber im Mindesten festhalten, dass wir unseren Anspr\u00fcchen nicht gerecht geworden sind. Angefangen bei ausgebliebenen gro\u00dfen Choreos, \u00fcber miserable Teilnahme an Ausw\u00e4rtsfahrten und regelm\u00e4\u00dfig unterirdischem Support bis hin zum Ausbleiben von Veranstaltungen. Die Liste der Dinge, die in der Vergangenheit wesentlich besser gelaufen sind ist leider noch viel l\u00e4nger.<br \/>\nWenn wir jetzt den Kopf sprichw\u00f6rtlich in den Sand stecken, w\u00e4re unserer Meinung nach weder uns, noch unserer geliebten Kurve geholfen. Wir haben uns daher, auch mit vielen von euch, im Vorfeld zusammengesetzt und \u00fcberlegt, wie wir unsere Kurve wieder mit (viel) mehr Leben f\u00fcllen k\u00f6nnen. Und eines sollte allen klar sein: Aus der momentanen Situation kann die Kurve keine einzelne Gruppe f\u00fchren &#8211; das werden wir nur alle gemeinsam hinbekommen! Wir sind in einer Situation angekommen, in der es auf jede_n ankommt und sich auch jede_r dieser Verantwortung f\u00fcr die gemeinsame Nordkurve bewusst sein sollte!<br \/>\nUm hier\u00fcber und vor allem \u00fcber m\u00f6gliche gemeinsame Wege aus der momentan festgefahrenen Situation zu reden, laden wir euch aufs herzlichste am 17.01.2017 um 19:00 Uhr zum l\u00e4ngst \u00fcberf\u00e4lligen Nordkurvenplenum ins Freiland (gro\u00dfer Seminarraum Haus 1) ein.<br \/>\nEs ist uns klar, dass viele von euch, aus den unterschiedlichsten Gr\u00fcnden, mit der momentanen Situation unzufrieden sind. Dar\u00fcber soll und wird bei dem Treffen gesprochen werden! Dennoch ist es uns wichtig, dass dieses Treffen keine reine Frustrunde wird, sondern wir gemeinsam an der Zukunft unserer Kurve arbeiten.<br \/>\nAvanti Nordkurve<br \/>\nEuer Filmstadt Inferno von 1999<\/p>\n","protected":false},"excerpt":{"rendered":"<p>Liebe Freunde und Freundinnen der Nordkurve, eine abermals mit wenig echten Highlights gespickte Halbserie liegt hinter uns. Wir k\u00f6nnen zwar wenig bis nichts \u00fcber die Anspr\u00fcche jeder\/jedes Einzelnen von euch sagen, aber im Mindesten festhalten, dass wir unseren Anspr\u00fcchen nicht gerecht geworden sind. Angefangen bei ausgebliebenen gro\u00dfen Choreos, \u00fcber miserable Teilnahme an Ausw\u00e4rtsfahrten und regelm\u00e4\u00dfig [&hellip;]<\/p>\n","protected":false},"author":1,"featured_media":0,"comment_status":"closed","ping_status":"closed","sticky":false,"template":"","format":"standard","meta":{"_mi_skip_tracking":false},"categories":[1],"tags":[],"_links":{"self":[{"href":"https:\/\/03fotos.de\/index.php?rest_route=\/wp\/v2\/posts\/1521"}],"collection":[{"href":"https:\/\/03fotos.de\/index.php?rest_route=\/wp\/v2\/posts"}],"about":[{"href":"https:\/\/03fotos.de\/index.php?rest_route=\/wp\/v2\/types\/post"}],"author":[{"embeddable":true,"href":"https:\/\/03fotos.de\/index.php?rest_route=\/wp\/v2\/users\/1"}],"replies":[{"embeddable":true,"href":"https:\/\/03fotos.de\/index.php?rest_route=%2Fwp%2Fv2%2Fcomments&post=1521"}],"version-history":[{"count":1,"href":"https:\/\/03fotos.de\/index.php?rest_route=\/wp\/v2\/posts\/1521\/revisions"}],"predecessor-version":[{"id":1522,"href":"https:\/\/03fotos.de\/index.php?rest_route=\/wp\/v2\/posts\/1521\/revisions\/1522"}],"wp:attachment":[{"href":"https:\/\/03fotos.de\/index.php?rest_route=%2Fwp%2Fv2%2Fmedia&parent=1521"}],"wp:term":[{"taxonomy":"category","embeddable":true,"href":"https:\/\/03fotos.de\/index.php?rest_route=%2Fwp%2Fv2%2Fcategories&post=1521"},{"taxonomy":"post_tag","embeddable":true,"href":"https:\/\/03fotos.de\/index.php?rest_route=%2Fwp%2Fv2%2Ftags&post=1521"}],"curies":[{"name":"wp","href":"https:\/\/api.w.org\/{rel}","templated":true}]}}