{"id":1679,"date":"2017-06-07T16:24:52","date_gmt":"2017-06-07T16:24:52","guid":{"rendered":"http:\/\/03fotos.de\/?p=1679"},"modified":"2018-04-24T22:09:17","modified_gmt":"2018-04-24T22:09:17","slug":"stellungnahme-zu-arte-re-fussball-radikal-ein-linker-verein-und-seine-gegner","status":"publish","type":"post","link":"https:\/\/03fotos.de\/?p=1679","title":{"rendered":":: Stellungnahme zu Arte Re: \u201eFu\u00dfball radikal \u2013 ein linker Verein und seine Gegner\u201c ::"},"content":{"rendered":"<p>Die viel besprochene Arte Re: Reportage mit dem rei\u00dferischen Titel: \u201eFu\u00dfball radikal \u2013 ein linker Verein und seine Gegner\u201c zieht wahrscheinlich nicht nur in Babelsberg gro\u00dfe Kreise und sorgt f\u00fcr massig Gespr\u00e4chsstoff. Wir distanzieren uns in jeglicher Hinsicht von dieser Reportage. F\u00fcr uns als aktive Gruppen der Nordkurve stellten auch die vorangegangenen Gespr\u00e4che keine andere M\u00f6glichkeit dar, als unsere Mitarbeit an diesem Projekt komplett zu verweigern.<\/p>\n<p>Die in der Reportage gezeichnete Sonderstellung, die unser Verein besitzt, entspricht mit Sicherheit den Tatsachen, das gezeichnete Bild der\u00a0Ultrakultur in Babelsberg ist jedoch in hohem Ma\u00dfe zweifelhaft. F\u00fcr uns war schnell klar, dass wir in keiner Form in dieser Reportage erscheinen wollen. Die Gr\u00fcnde hierf\u00fcr wurden im Vorfeld plausibel erl\u00e4utert, unsere Bedenken hinsichtlich des Konzepts der Reportage (der starke Fokus auf politischen Konflikt und brisante Spiele), sind wenig ernst genommen worden.<\/p>\n<p>Die effekthaschende Aufmachung der Reportage kann man wohl kaum einem Journalisten \u00fcbelnehmen, so boten sich die Spiele gegen Cottbus und BFC Dynamo mit Sicherheit f\u00fcr den neutralen Zuschauer, der sich noch nie mit Fu\u00dfball im Allgemeinen oder dem SV Babelsberg 03 im Besonderen besch\u00e4ftigt hat, an. Ein wirklicher Blick hinter die Facetten und eine Auseinandersetzung mit der Materie Ultra in Babelsberg bleibt jedoch aus. Dieser war auch im Vorfeld nie gewollt und dem Anspruch des Formats \u201eGeschichten von Menschen \u2013 authentisch und ganz nah dran\u201c zu erz\u00e4hlen, konnte diese Reportage wohl nie gerecht werden. Die journalistische Sorgfalt blieb &#8211; wie zu erwarten war \u2013 auf der Strecke. So wurde unser Verein mehrmals als \u201eSV 03 Babelsberg\u201c eingeblendet und Almedin Civa, der w\u00e4hrend einer Spielunterbrechung zum Zaun kommt, f\u00e4lschlicherweise Cem Efe genannt. Des Weiteren ist Ren\u00e9 entgegen der Darstellung seit der Saison 2014\/2015 eben nicht mehr Vors\u00e4nger der aktiven Fanszene, sondern bei bestimmten Spielen mit hohem Zuschaueraufkommen Vors\u00e4nger f\u00fcr den Teil der rechts von uns steht, um eine breitere Masse zu erreichen. Trotz der Ablehnung von aktiven Gruppen wurde \u201eUltras\u201c f\u00fcr die dargestellten Protagonisten als Sammelbegriff verwendet. Man kann also sagen, dass unsere Bef\u00fcrchtungen hinsichtlich der Reportage sich bewahrheitet haben. Die Reportage beschr\u00e4nkt Ultra in Babelsberg darauf, sich vor dem Ausw\u00e4rtsspiel zum Biertrinken zu treffen und beim Heimspiel ein Bengalo anzurei\u00dfen. Ultra bedeutet f\u00fcr uns mehr als eine nette Wochenendgestaltung.<\/p>\n<p>Des Weiteren wurden im Zuge der Dreharbeiten auch ganz klar Tabus gebrochen. So wurde mehrmals in den Block hinein gefilmt, obwohl es vorher hie\u00df, nur den Hauptprotagonisten der Reportage zu beleuchten und die Gruppen in der Mitte komplett auszusparen. Das Einsetzen einer sogenannten \u201eFan-Cam\u201c mit der eine Person aus dem Block heraus filmen kann, wurde trotz vorheriger Absage beim Spiel gegen den BFC versucht einzusetzen, konnte aber unterbunden werden. Das Filmen bei eindeutigen Straftaten ist dann nur noch die Spitze des Eisberges und bekr\u00e4ftigt uns in unserer Ablehnung des Projekts.<\/p>\n<p>Abschlie\u00dfend bleibt festzuhalten, dass die kritische Auseinandersetzung mit Journalisten, die im Feld Fu\u00dfball und Fankultur berichten, immer gegeben sein muss. Die Durchsetzung von Individualinteressen, welche Beweggr\u00fcnde man als Bef\u00fcrworter oder Protagonist auch immer gehabt hatte, sollten nicht \u00fcber den Bedenken eines nicht unerheblichen Teils der Kurve gestellt werden.<\/p>\n<p>Filmstadt Inferno 1999<br \/>\nUnderdogs<br \/>\nSektion Nord<\/p>\n","protected":false},"excerpt":{"rendered":"<p>Die viel besprochene Arte Re: Reportage mit dem rei\u00dferischen Titel: \u201eFu\u00dfball radikal \u2013 ein linker Verein und seine Gegner\u201c zieht wahrscheinlich nicht nur in Babelsberg gro\u00dfe Kreise und sorgt f\u00fcr massig Gespr\u00e4chsstoff. Wir distanzieren uns in jeglicher Hinsicht von dieser Reportage. F\u00fcr uns als aktive Gruppen der Nordkurve stellten auch die vorangegangenen Gespr\u00e4che keine andere [&hellip;]<\/p>\n","protected":false},"author":1,"featured_media":0,"comment_status":"closed","ping_status":"closed","sticky":false,"template":"","format":"standard","meta":{"_mi_skip_tracking":false},"categories":[1],"tags":[],"_links":{"self":[{"href":"https:\/\/03fotos.de\/index.php?rest_route=\/wp\/v2\/posts\/1679"}],"collection":[{"href":"https:\/\/03fotos.de\/index.php?rest_route=\/wp\/v2\/posts"}],"about":[{"href":"https:\/\/03fotos.de\/index.php?rest_route=\/wp\/v2\/types\/post"}],"author":[{"embeddable":true,"href":"https:\/\/03fotos.de\/index.php?rest_route=\/wp\/v2\/users\/1"}],"replies":[{"embeddable":true,"href":"https:\/\/03fotos.de\/index.php?rest_route=%2Fwp%2Fv2%2Fcomments&post=1679"}],"version-history":[{"count":2,"href":"https:\/\/03fotos.de\/index.php?rest_route=\/wp\/v2\/posts\/1679\/revisions"}],"predecessor-version":[{"id":2239,"href":"https:\/\/03fotos.de\/index.php?rest_route=\/wp\/v2\/posts\/1679\/revisions\/2239"}],"wp:attachment":[{"href":"https:\/\/03fotos.de\/index.php?rest_route=%2Fwp%2Fv2%2Fmedia&parent=1679"}],"wp:term":[{"taxonomy":"category","embeddable":true,"href":"https:\/\/03fotos.de\/index.php?rest_route=%2Fwp%2Fv2%2Fcategories&post=1679"},{"taxonomy":"post_tag","embeddable":true,"href":"https:\/\/03fotos.de\/index.php?rest_route=%2Fwp%2Fv2%2Ftags&post=1679"}],"curies":[{"name":"wp","href":"https:\/\/api.w.org\/{rel}","templated":true}]}}