{"id":1696,"date":"2017-06-30T23:15:54","date_gmt":"2017-06-30T23:15:54","guid":{"rendered":"http:\/\/03fotos.de\/?p=1696"},"modified":"2017-06-30T23:17:59","modified_gmt":"2017-06-30T23:17:59","slug":"1696","status":"publish","type":"post","link":"https:\/\/03fotos.de\/?p=1696","title":{"rendered":":: Unterst\u00fctzt den SV Concordia Nowawes 06 &#8211; Stimmt jetzt ab! ::"},"content":{"rendered":"<p style=\"text-align: center;\"><iframe loading=\"lazy\" src=\"https:\/\/www.youtube.com\/embed\/--iH-979Rvc\" width=\"1000\" height=\"563\" frameborder=\"0\" allowfullscreen=\"allowfullscreen\"><\/iframe><\/p>\n<p>Dieses Video ist Teil der Bewerbung des SV Concordia Nowawes 06 f\u00fcr den F\u00f6rderwettbewerb &#8222;Gemeinsam f\u00fcr Potsdam&#8220;.<\/p>\n<p>Unser Ziel ist es, einen Bauwagen zu erwerben und zu einem rollenden Vereinsheim auszubauen. Im Augenblick keuchen die Concordia-Trainer noch auf dem Fahrrad mit Balls\u00e4cken beladen von der NowaWiese zur Sandscholle oder zum Platz in der<br \/>\nWetzlarer Stra\u00dfe. Mannschaftsbesprechungen finden immer unter freiem Himmel statt, das Umziehen sowieso. Und die Pokale und Wimpel \u2013 wo sind die eigentlich?<br \/>\nEin beweglicher Wagen w\u00fcrde uns sehr helfen. Doch dazu ben\u00f6tigen wir finanzielle Unterst\u00fctzung. Also bringt dieses Projekt nach vorn und sorgt daf\u00fcr, dass die Concordia-Kinder nicht im Regen stehen!<\/p>\n<p>Stimmt jetzt ab unter: <a href=\"https:\/\/www.gemeinsam-fuer-potsdam.de\" target=\"_blank\" rel=\"noopener\">www.gemeinsam-fuer-potsdam.de<\/a>&#8230;<\/p>\n","protected":false},"excerpt":{"rendered":"<p>Dieses Video ist Teil der Bewerbung des SV Concordia Nowawes 06 f\u00fcr den F\u00f6rderwettbewerb &#8222;Gemeinsam f\u00fcr Potsdam&#8220;. Unser Ziel ist es, einen Bauwagen zu erwerben und zu einem rollenden Vereinsheim auszubauen. Im Augenblick keuchen die Concordia-Trainer noch auf dem Fahrrad mit Balls\u00e4cken beladen von der NowaWiese zur Sandscholle oder zum Platz in der Wetzlarer Stra\u00dfe. [&hellip;]<\/p>\n","protected":false},"author":1,"featured_media":0,"comment_status":"closed","ping_status":"closed","sticky":false,"template":"","format":"standard","meta":{"_mi_skip_tracking":false},"categories":[1],"tags":[],"_links":{"self":[{"href":"https:\/\/03fotos.de\/index.php?rest_route=\/wp\/v2\/posts\/1696"}],"collection":[{"href":"https:\/\/03fotos.de\/index.php?rest_route=\/wp\/v2\/posts"}],"about":[{"href":"https:\/\/03fotos.de\/index.php?rest_route=\/wp\/v2\/types\/post"}],"author":[{"embeddable":true,"href":"https:\/\/03fotos.de\/index.php?rest_route=\/wp\/v2\/users\/1"}],"replies":[{"embeddable":true,"href":"https:\/\/03fotos.de\/index.php?rest_route=%2Fwp%2Fv2%2Fcomments&post=1696"}],"version-history":[{"count":3,"href":"https:\/\/03fotos.de\/index.php?rest_route=\/wp\/v2\/posts\/1696\/revisions"}],"predecessor-version":[{"id":1699,"href":"https:\/\/03fotos.de\/index.php?rest_route=\/wp\/v2\/posts\/1696\/revisions\/1699"}],"wp:attachment":[{"href":"https:\/\/03fotos.de\/index.php?rest_route=%2Fwp%2Fv2%2Fmedia&parent=1696"}],"wp:term":[{"taxonomy":"category","embeddable":true,"href":"https:\/\/03fotos.de\/index.php?rest_route=%2Fwp%2Fv2%2Fcategories&post=1696"},{"taxonomy":"post_tag","embeddable":true,"href":"https:\/\/03fotos.de\/index.php?rest_route=%2Fwp%2Fv2%2Ftags&post=1696"}],"curies":[{"name":"wp","href":"https:\/\/api.w.org\/{rel}","templated":true}]}}