{"id":2237,"date":"2018-04-24T22:07:56","date_gmt":"2018-04-24T22:07:56","guid":{"rendered":"http:\/\/03fotos.de\/?p=2237"},"modified":"2018-04-24T22:07:56","modified_gmt":"2018-04-24T22:07:56","slug":"spendenaufruf","status":"publish","type":"post","link":"https:\/\/03fotos.de\/?p=2237","title":{"rendered":":: SPENDENAUFRUF ::"},"content":{"rendered":"<p>Liebe Nordkurve, liebe Freund_Innen unseres Sportvereins,<br \/>\nwie Ihr alle wisst steht Pfingstmontag unser Gewinn des Landespokals an. Zu diesem Spiel wird von Vereinsseite, aus unserer Sicht vollkommen zu Recht, mit einem besonders hohen Zuschaueraufkommen gerechnet.<br \/>\nAls Ultras ist es uns eine Herzensangelegenheit diesem Spiel einen w\u00fcrdigen Rahmen zu geben. Dazu planen wir eine Choreo, die es in der Gr\u00f6\u00dfe in Babelsberg noch nicht gegeben hat.<br \/>\nWeil Ultras und wir im speziellen, leider wie quasi immer, zu sp\u00e4t mit utopischen Ideen um die Ecke kommen, die dann auch noch kurzfristig umgesetzt und finanziert werden wollen, wenden wir uns heute an euch. F\u00fcr gro\u00dfe Soliparties und neuen Merch zur Gegenfinanzierung ist es leider einfach zu sp\u00e4t.<br \/>\nBei all der Planung und laufenden Vorbereitung auf das gro\u00dfe Saisonfinale reicht die Zeit gerade noch f\u00fcr diesen Spendenaufruf!<br \/>\nWir werden die n\u00e4chsten Spiele vermehrt auf euch zu kommen und euch darum bitten etwas Geld in die Choreokasse zu hauen \u2013 seht es uns nach und spendet flei\u00dfig! Wir reden hier von einem nicht unerheblichen vierstelligen Betrag, den es gemeinsam zu stemmen gilt, um unserer Equipe f\u00fcr das Spiel der Saison nochmal eine Extraportion Motivation mitzugeben. F\u00fcr den (Gl\u00fccks-)fall, dass ihr euch \u00fcberlegt etwas mehr Geld zu spenden, haben wir einen ausgepackt und ein PayPal Konto eingerichtet.<br \/>\nEure Spenden erreichen uns, wenn ihr an choreospende@riseup.net \u00fcberweist!<\/p>\n<p>Um euch diesen Weg schmackhaft zu machen, verlosen wir unter allen digitalen Choreospender_Innen ein Merchpaket mit feinstem Stuff!<\/p>\n<p>Schon jetzt gilt unser Dank allen Spender_Innen! Und habt keine Angst ne schnieke Solisause wird es dann in der Sommerpause geben;-).<br \/>\nZu guter Letzt noch ein paar Worte zum Spieltag. Unabh\u00e4ngig davon ob und wieviel ihr spendet, seid bitte am Spieltag p\u00fcnktlich im Stadion, kommt vielleicht einfach ein bisschen eher und umgeht so auch die zu erwartenden langen Schlangen am Einlass. Achtet auf Handzettel und die Anweisungen der Vors\u00e4nger. Und ganz besonders wichtig: Gebt am letzten Spieltag der Saison nochmal alles, so dass unsere Equipe gar keine andere Wahl mehr hat als f\u00fcr uns den Landespokal zu holen!<br \/>\nGemeinsam zum Pokalsieg!<br \/>\nEuer Filmstadt Inferno 99<\/p>\n","protected":false},"excerpt":{"rendered":"<p>Liebe Nordkurve, liebe Freund_Innen unseres Sportvereins, wie Ihr alle wisst steht Pfingstmontag unser Gewinn des Landespokals an. Zu diesem Spiel wird von Vereinsseite, aus unserer Sicht vollkommen zu Recht, mit einem besonders hohen Zuschaueraufkommen gerechnet. Als Ultras ist es uns eine Herzensangelegenheit diesem Spiel einen w\u00fcrdigen Rahmen zu geben. Dazu planen wir eine Choreo, die [&hellip;]<\/p>\n","protected":false},"author":1,"featured_media":0,"comment_status":"closed","ping_status":"closed","sticky":false,"template":"","format":"standard","meta":{"_mi_skip_tracking":false},"categories":[1],"tags":[],"_links":{"self":[{"href":"https:\/\/03fotos.de\/index.php?rest_route=\/wp\/v2\/posts\/2237"}],"collection":[{"href":"https:\/\/03fotos.de\/index.php?rest_route=\/wp\/v2\/posts"}],"about":[{"href":"https:\/\/03fotos.de\/index.php?rest_route=\/wp\/v2\/types\/post"}],"author":[{"embeddable":true,"href":"https:\/\/03fotos.de\/index.php?rest_route=\/wp\/v2\/users\/1"}],"replies":[{"embeddable":true,"href":"https:\/\/03fotos.de\/index.php?rest_route=%2Fwp%2Fv2%2Fcomments&post=2237"}],"version-history":[{"count":1,"href":"https:\/\/03fotos.de\/index.php?rest_route=\/wp\/v2\/posts\/2237\/revisions"}],"predecessor-version":[{"id":2238,"href":"https:\/\/03fotos.de\/index.php?rest_route=\/wp\/v2\/posts\/2237\/revisions\/2238"}],"wp:attachment":[{"href":"https:\/\/03fotos.de\/index.php?rest_route=%2Fwp%2Fv2%2Fmedia&parent=2237"}],"wp:term":[{"taxonomy":"category","embeddable":true,"href":"https:\/\/03fotos.de\/index.php?rest_route=%2Fwp%2Fv2%2Fcategories&post=2237"},{"taxonomy":"post_tag","embeddable":true,"href":"https:\/\/03fotos.de\/index.php?rest_route=%2Fwp%2Fv2%2Ftags&post=2237"}],"curies":[{"name":"wp","href":"https:\/\/api.w.org\/{rel}","templated":true}]}}