{"id":2333,"date":"2018-08-15T10:45:56","date_gmt":"2018-08-15T10:45:56","guid":{"rendered":"http:\/\/03fotos.de\/?p=2333"},"modified":"2018-08-19T11:22:45","modified_gmt":"2018-08-19T11:22:45","slug":"not-in-our-name","status":"publish","type":"post","link":"https:\/\/03fotos.de\/?p=2333","title":{"rendered":":: NOT IN OUR NAME! ::"},"content":{"rendered":"<p style=\"text-align: left;\">In den letzten Wochen tauchte der abgebildete Sticker immer h\u00e4ufiger im Babelsberger Kiez auf. Er zeigt einen mit der Kufiya, ein gemeinhin als &#8222;Pali-Tuch&#8220; bezeichneter arabischer Schal, vermummten Menschen. Umrahmt wird das Bild mit dem Text &#8222;SVB 03 \u2013 Keinen Schritt zur\u00fcck, Ultras&#8220;. Durch die Verwendung der Bezeichnung \u201eUltras\u201c auf dem Sticker, f\u00e4llt dieser auf die gesamte Babelsberger Ultraszene und somit auch auf uns, zur\u00fcck.<\/p>\n<p style=\"text-align: left;\">Als Gruppe ist uns bewusst, dass der Nahostkonflikt auch in der Babelsberger Nordkurve gro\u00dfes Konfliktpotential birgt und die Meinungen diesbez\u00fcglich (auch in unserer Gruppe) weit auseinandergehen k\u00f6nnen. Wir werden zu diesem Konflikt in der Nordkurve daher schwerlich einen Konsens finden. Wollen wir aber auch gar nicht! Um diesem enormen Konfliktpotential Rechnung zu tragen und die Szene an diesem Punkt nicht zu spalten, haben wir eine Positionierung zum Nahostkonflikt stets vermieden und werden dies auch in Zukunft so handhaben.<\/p>\n<p style=\"text-align: left;\">Daher distanzieren wir als Filmstadt Inferno 99 uns klar von diesem Aufklebermotiv und bitten die verantwortlichen Personen das Kleben des Stickers in Zukunft zu unterlassen. Dar\u00fcber hinaus rufen wir daher dazu auf, dieses Thema gern zivilisiert, wenn es sein muss auch in Form von gut vorbereiteten Texten in Szeneorganen zu diskutieren, von einer Bezugnahme auf Stickern, Fahnen, Bannern oder Klamotten im Fu\u00dfballkontext allerdings abzusehen.<\/p>\n<p style=\"text-align: left;\">Filmstadt Inferno 99<!--more--><\/p>\n<p><img decoding=\"async\" class=\"aligncenter\" src=\"http:\/\/03fotos.de\/images\/news\/Palisticker.jpeg\" alt=\"\" \/><\/p>\n","protected":false},"excerpt":{"rendered":"<p>In den letzten Wochen tauchte der abgebildete Sticker immer h\u00e4ufiger im Babelsberger Kiez auf. Er zeigt einen mit der Kufiya, ein gemeinhin als &#8222;Pali-Tuch&#8220; bezeichneter arabischer Schal, vermummten Menschen. Umrahmt wird das Bild mit dem Text &#8222;SVB 03 \u2013 Keinen Schritt zur\u00fcck, Ultras&#8220;. Durch die Verwendung der Bezeichnung \u201eUltras\u201c auf dem Sticker, f\u00e4llt dieser auf [&hellip;]<\/p>\n","protected":false},"author":1,"featured_media":0,"comment_status":"closed","ping_status":"closed","sticky":false,"template":"","format":"standard","meta":{"_mi_skip_tracking":false},"categories":[1],"tags":[],"_links":{"self":[{"href":"https:\/\/03fotos.de\/index.php?rest_route=\/wp\/v2\/posts\/2333"}],"collection":[{"href":"https:\/\/03fotos.de\/index.php?rest_route=\/wp\/v2\/posts"}],"about":[{"href":"https:\/\/03fotos.de\/index.php?rest_route=\/wp\/v2\/types\/post"}],"author":[{"embeddable":true,"href":"https:\/\/03fotos.de\/index.php?rest_route=\/wp\/v2\/users\/1"}],"replies":[{"embeddable":true,"href":"https:\/\/03fotos.de\/index.php?rest_route=%2Fwp%2Fv2%2Fcomments&post=2333"}],"version-history":[{"count":5,"href":"https:\/\/03fotos.de\/index.php?rest_route=\/wp\/v2\/posts\/2333\/revisions"}],"predecessor-version":[{"id":2347,"href":"https:\/\/03fotos.de\/index.php?rest_route=\/wp\/v2\/posts\/2333\/revisions\/2347"}],"wp:attachment":[{"href":"https:\/\/03fotos.de\/index.php?rest_route=%2Fwp%2Fv2%2Fmedia&parent=2333"}],"wp:term":[{"taxonomy":"category","embeddable":true,"href":"https:\/\/03fotos.de\/index.php?rest_route=%2Fwp%2Fv2%2Fcategories&post=2333"},{"taxonomy":"post_tag","embeddable":true,"href":"https:\/\/03fotos.de\/index.php?rest_route=%2Fwp%2Fv2%2Ftags&post=2333"}],"curies":[{"name":"wp","href":"https:\/\/api.w.org\/{rel}","templated":true}]}}